{"id":19876,"date":"2025-01-23T15:12:40","date_gmt":"2025-01-23T15:12:40","guid":{"rendered":"https:\/\/longevityclinic.ro\/?p=19876"},"modified":"2026-03-06T15:23:11","modified_gmt":"2026-03-06T15:23:11","slug":"genetica-ritmului-circadian-raluca-prodan-despre-importanta-cronotipului-la-longevity-expo-forum-fest","status":"publish","type":"post","link":"https:\/\/longevityclinic.ro\/en\/genetica-ritmului-circadian-raluca-prodan-despre-importanta-cronotipului-la-longevity-expo-forum-fest\/","title":{"rendered":"Genetica ritmului circadian: Raluca Prodan despre importan\u021ba cronotipului la Longevity Expo Forum Fest"},"content":{"rendered":"<div class=\"xdj266r x14z9mp xat24cr x1lziwak x1vvkbs x126k92a\">La Longevity Expo Forum Fest, edi\u021bia a III-a, <span class=\"x193iq5w xeuugli x13faqbe x1vvkbs x1xmvt09 x6prxxf xvq8zen xo1l8bm x9kptjx\"><a class=\"x1i10hfl xjbqb8w x1ejq31n x18oe1m7 x1sy0etr xstzfhl x972fbf x10w94by x1qhh985 x14e42zd x9f619 x1ypdohk xt0psk2 x3ct3a4 xdj266r x14z9mp xat24cr x1lziwak xexx8yu xyri2b x18d9i69 x1c1uobl x16tdsg8 x1hl2dhg xggy1nq x1a2a7pz xkrqix3 x1sur9pj x9kptjx x1s688f\" tabindex=\"0\" role=\"link\" href=\"https:\/\/www.facebook.com\/raluca.prodan.92?__cft__[0]=AZYB8Aihj8DM2vpS84FnQ-rkcAzQy_miv2C29nrG3K-TjtvuqjbCzJxwlyErkqQRDu2jkJXxdViElWSR_36BySfDkGHJh8QZOvJCXiS66Z1Sh85CE0ZdTmi-MGOgOPvH74KHAQVmxymwp9WiejKd6_NbLkd2lgrCFJDWfZof8fvIzA&amp;__tn__=KF\" target=\"_blank\" rel=\"noopener\">Raluca Prodan<\/a><\/span>, fondatoarea Longevity Clinic, a vorbit despre un subiect tot mai discutat: este legat \u0219i de genetic\u0103 faptul c\u0103 unii dintre noi sunt matinali, iar al\u021bii func\u021bioneaz\u0103 mai bine seara?<\/div>\n<div class=\"x14z9mp xat24cr x1lziwak x1vvkbs xtlvy1s x126k92a\">\u00a0Cronotipul nostru, ritmul \u00een care ne trezim, ne concentr\u0103m \u0219i ne odihnim, are o component\u0103 genetic\u0103 important\u0103. Genele pot influen\u021ba modul \u00een care corpul r\u0103spunde la lumin\u0103, la somn \u0219i la rutina zilnic\u0103.<\/div>\n<div class=\"x14z9mp xat24cr x1lziwak x1vvkbs xtlvy1s x126k92a\">\u00a0V\u0103 invit\u0103m s\u0103 urm\u0103ri\u021bi materialul video <a href=\"https:\/\/www.facebook.com\/reel\/2181581922633902\">aici<\/a>.<\/div>\n<div><\/div>\n","protected":false},"excerpt":{"rendered":"<p>La Longevity Expo Forum Fest, edi\u021bia a III-a, Raluca Prodan, fondatoarea Longevity Clinic, a vorbit despre un subiect tot mai discutat: este legat \u0219i de genetic\u0103 faptul c\u0103 unii dintre noi sunt matinali, iar al\u021bii func\u021bioneaz\u0103 mai bine seara? \u00a0Cronotipul nostru, ritmul \u00een care ne trezim, ne concentr\u0103m \u0219i ne odihnim, are o component\u0103 genetic\u0103 [&hellip;]<\/p>\n","protected":false},"author":1,"featured_media":19877,"comment_status":"open","ping_status":"open","sticky":false,"template":"","format":"standard","meta":{"_acf_changed":false,"footnotes":""},"categories":[48],"tags":[],"class_list":["post-19876","post","type-post","status-publish","format-standard","has-post-thumbnail","hentry","category-noutati"],"acf":[],"yoast_head":"<!-- This site is optimized with the Yoast SEO plugin v27.3 - https:\/\/yoast.com\/product\/yoast-seo-wordpress\/ -->\n<title>Genetica ritmului circadian: Raluca Prodan despre importan\u021ba cronotipului la Longevity Expo Forum Fest - Longevity Clinic<\/title>\n<meta name=\"robots\" content=\"index, follow, max-snippet:-1, max-image-preview:large, max-video-preview:-1\" \/>\n<link rel=\"canonical\" href=\"https:\/\/longevityclinic.ro\/en\/genetica-ritmului-circadian-raluca-prodan-despre-importanta-cronotipului-la-longevity-expo-forum-fest\/\" \/>\n<meta property=\"og:locale\" content=\"en_US\" \/>\n<meta property=\"og:type\" content=\"article\" \/>\n<meta property=\"og:title\" content=\"Genetica ritmului circadian: Raluca Prodan despre importan\u021ba cronotipului la Longevity Expo Forum Fest - Longevity Clinic\" \/>\n<meta property=\"og:description\" content=\"La Longevity Expo Forum Fest, edi\u021bia a III-a, Raluca Prodan, fondatoarea Longevity Clinic, a vorbit despre un subiect tot mai discutat: este legat \u0219i de genetic\u0103 faptul c\u0103 unii dintre noi sunt matinali, iar al\u021bii func\u021bioneaz\u0103 mai bine seara? \u00a0Cronotipul nostru, ritmul \u00een care ne trezim, ne concentr\u0103m \u0219i ne odihnim, are o component\u0103 genetic\u0103 [&hellip;]\" \/>\n<meta property=\"og:url\" content=\"https:\/\/longevityclinic.ro\/en\/genetica-ritmului-circadian-raluca-prodan-despre-importanta-cronotipului-la-longevity-expo-forum-fest\/\" \/>\n<meta property=\"og:site_name\" content=\"Longevity Clinic\" \/>\n<meta property=\"article:published_time\" content=\"2025-01-23T15:12:40+00:00\" \/>\n<meta property=\"article:modified_time\" content=\"2026-03-06T15:23:11+00:00\" \/>\n<meta property=\"og:image\" content=\"https:\/\/longevityclinic.ro\/wp-content\/uploads\/2026\/03\/longevityclinic_Longevity-Expo-Forum-Fest_1.webp\" \/>\n\t<meta property=\"og:image:width\" content=\"800\" \/>\n\t<meta property=\"og:image:height\" content=\"437\" \/>\n\t<meta property=\"og:image:type\" content=\"image\/webp\" \/>\n<meta name=\"author\" content=\"admin\" \/>\n<meta name=\"twitter:card\" content=\"summary_large_image\" \/>\n<meta name=\"twitter:label1\" content=\"Written by\" \/>\n\t<meta name=\"twitter:data1\" content=\"admin\" \/>\n\t<meta name=\"twitter:label2\" content=\"Est. reading time\" \/>\n\t<meta name=\"twitter:data2\" content=\"1 minute\" \/>\n<script type=\"application\/ld+json\" class=\"yoast-schema-graph\">{\"@context\":\"https:\\\/\\\/schema.org\",\"@graph\":[{\"@type\":\"Article\",\"@id\":\"https:\\\/\\\/longevityclinic.ro\\\/genetica-ritmului-circadian-raluca-prodan-despre-importanta-cronotipului-la-longevity-expo-forum-fest\\\/#article\",\"isPartOf\":{\"@id\":\"https:\\\/\\\/longevityclinic.ro\\\/genetica-ritmului-circadian-raluca-prodan-despre-importanta-cronotipului-la-longevity-expo-forum-fest\\\/\"},\"author\":{\"name\":\"admin\",\"@id\":\"https:\\\/\\\/longevityclinic.ro\\\/#\\\/schema\\\/person\\\/4619393ac535904b903c0faefa9e8afe\"},\"headline\":\"Genetica ritmului circadian: Raluca Prodan despre importan\u021ba cronotipului la Longevity Expo Forum Fest\",\"datePublished\":\"2025-01-23T15:12:40+00:00\",\"dateModified\":\"2026-03-06T15:23:11+00:00\",\"mainEntityOfPage\":{\"@id\":\"https:\\\/\\\/longevityclinic.ro\\\/genetica-ritmului-circadian-raluca-prodan-despre-importanta-cronotipului-la-longevity-expo-forum-fest\\\/\"},\"wordCount\":102,\"commentCount\":0,\"publisher\":{\"@id\":\"https:\\\/\\\/longevityclinic.ro\\\/#organization\"},\"image\":{\"@id\":\"https:\\\/\\\/longevityclinic.ro\\\/genetica-ritmului-circadian-raluca-prodan-despre-importanta-cronotipului-la-longevity-expo-forum-fest\\\/#primaryimage\"},\"thumbnailUrl\":\"https:\\\/\\\/longevityclinic.ro\\\/wp-content\\\/uploads\\\/2026\\\/03\\\/longevityclinic_Longevity-Expo-Forum-Fest_1.webp\",\"articleSection\":[\"Noutati\"],\"inLanguage\":\"en-US\",\"potentialAction\":[{\"@type\":\"CommentAction\",\"name\":\"Comment\",\"target\":[\"https:\\\/\\\/longevityclinic.ro\\\/genetica-ritmului-circadian-raluca-prodan-despre-importanta-cronotipului-la-longevity-expo-forum-fest\\\/#respond\"]}]},{\"@type\":\"WebPage\",\"@id\":\"https:\\\/\\\/longevityclinic.ro\\\/genetica-ritmului-circadian-raluca-prodan-despre-importanta-cronotipului-la-longevity-expo-forum-fest\\\/\",\"url\":\"https:\\\/\\\/longevityclinic.ro\\\/genetica-ritmului-circadian-raluca-prodan-despre-importanta-cronotipului-la-longevity-expo-forum-fest\\\/\",\"name\":\"Genetica ritmului circadian: Raluca Prodan despre importan\u021ba cronotipului la Longevity Expo Forum Fest - Longevity Clinic\",\"isPartOf\":{\"@id\":\"https:\\\/\\\/longevityclinic.ro\\\/#website\"},\"primaryImageOfPage\":{\"@id\":\"https:\\\/\\\/longevityclinic.ro\\\/genetica-ritmului-circadian-raluca-prodan-despre-importanta-cronotipului-la-longevity-expo-forum-fest\\\/#primaryimage\"},\"image\":{\"@id\":\"https:\\\/\\\/longevityclinic.ro\\\/genetica-ritmului-circadian-raluca-prodan-despre-importanta-cronotipului-la-longevity-expo-forum-fest\\\/#primaryimage\"},\"thumbnailUrl\":\"https:\\\/\\\/longevityclinic.ro\\\/wp-content\\\/uploads\\\/2026\\\/03\\\/longevityclinic_Longevity-Expo-Forum-Fest_1.webp\",\"datePublished\":\"2025-01-23T15:12:40+00:00\",\"dateModified\":\"2026-03-06T15:23:11+00:00\",\"breadcrumb\":{\"@id\":\"https:\\\/\\\/longevityclinic.ro\\\/genetica-ritmului-circadian-raluca-prodan-despre-importanta-cronotipului-la-longevity-expo-forum-fest\\\/#breadcrumb\"},\"inLanguage\":\"en-US\",\"potentialAction\":[{\"@type\":\"ReadAction\",\"target\":[\"https:\\\/\\\/longevityclinic.ro\\\/genetica-ritmului-circadian-raluca-prodan-despre-importanta-cronotipului-la-longevity-expo-forum-fest\\\/\"]}]},{\"@type\":\"ImageObject\",\"inLanguage\":\"en-US\",\"@id\":\"https:\\\/\\\/longevityclinic.ro\\\/genetica-ritmului-circadian-raluca-prodan-despre-importanta-cronotipului-la-longevity-expo-forum-fest\\\/#primaryimage\",\"url\":\"https:\\\/\\\/longevityclinic.ro\\\/wp-content\\\/uploads\\\/2026\\\/03\\\/longevityclinic_Longevity-Expo-Forum-Fest_1.webp\",\"contentUrl\":\"https:\\\/\\\/longevityclinic.ro\\\/wp-content\\\/uploads\\\/2026\\\/03\\\/longevityclinic_Longevity-Expo-Forum-Fest_1.webp\",\"width\":800,\"height\":437},{\"@type\":\"BreadcrumbList\",\"@id\":\"https:\\\/\\\/longevityclinic.ro\\\/genetica-ritmului-circadian-raluca-prodan-despre-importanta-cronotipului-la-longevity-expo-forum-fest\\\/#breadcrumb\",\"itemListElement\":[{\"@type\":\"ListItem\",\"position\":1,\"name\":\"Home\",\"item\":\"https:\\\/\\\/longevityclinic.ro\\\/\"},{\"@type\":\"ListItem\",\"position\":2,\"name\":\"Genetica ritmului circadian: Raluca Prodan despre importan\u021ba cronotipului la Longevity Expo Forum Fest\"}]},{\"@type\":\"WebSite\",\"@id\":\"https:\\\/\\\/longevityclinic.ro\\\/#website\",\"url\":\"https:\\\/\\\/longevityclinic.ro\\\/\",\"name\":\"Longevity Clinic\",\"description\":\"Pretuieste sanatatea!\",\"publisher\":{\"@id\":\"https:\\\/\\\/longevityclinic.ro\\\/#organization\"},\"potentialAction\":[{\"@type\":\"SearchAction\",\"target\":{\"@type\":\"EntryPoint\",\"urlTemplate\":\"https:\\\/\\\/longevityclinic.ro\\\/?s={search_term_string}\"},\"query-input\":{\"@type\":\"PropertyValueSpecification\",\"valueRequired\":true,\"valueName\":\"search_term_string\"}}],\"inLanguage\":\"en-US\"},{\"@type\":\"Organization\",\"@id\":\"https:\\\/\\\/longevityclinic.ro\\\/#organization\",\"name\":\"Longevity Clinic\",\"url\":\"https:\\\/\\\/longevityclinic.ro\\\/\",\"logo\":{\"@type\":\"ImageObject\",\"inLanguage\":\"en-US\",\"@id\":\"https:\\\/\\\/longevityclinic.ro\\\/#\\\/schema\\\/logo\\\/image\\\/\",\"url\":\"https:\\\/\\\/longevityclinic.ro\\\/wp-content\\\/uploads\\\/2024\\\/10\\\/LC_logo.png\",\"contentUrl\":\"https:\\\/\\\/longevityclinic.ro\\\/wp-content\\\/uploads\\\/2024\\\/10\\\/LC_logo.png\",\"width\":216,\"height\":69,\"caption\":\"Longevity Clinic\"},\"image\":{\"@id\":\"https:\\\/\\\/longevityclinic.ro\\\/#\\\/schema\\\/logo\\\/image\\\/\"}},{\"@type\":\"Person\",\"@id\":\"https:\\\/\\\/longevityclinic.ro\\\/#\\\/schema\\\/person\\\/4619393ac535904b903c0faefa9e8afe\",\"name\":\"admin\",\"image\":{\"@type\":\"ImageObject\",\"inLanguage\":\"en-US\",\"@id\":\"https:\\\/\\\/secure.gravatar.com\\\/avatar\\\/a6b53e43b56d34688e0f5111efaa436756d1ad35b9232d57b6175e690666fbb3?s=96&d=mm&r=g\",\"url\":\"https:\\\/\\\/secure.gravatar.com\\\/avatar\\\/a6b53e43b56d34688e0f5111efaa436756d1ad35b9232d57b6175e690666fbb3?s=96&d=mm&r=g\",\"contentUrl\":\"https:\\\/\\\/secure.gravatar.com\\\/avatar\\\/a6b53e43b56d34688e0f5111efaa436756d1ad35b9232d57b6175e690666fbb3?s=96&d=mm&r=g\",\"caption\":\"admin\"},\"sameAs\":[\"https:\\\/\\\/longevityclinic.ro\"],\"url\":\"https:\\\/\\\/longevityclinic.ro\\\/en\\\/author\\\/admin_lc_tdy0110sdjfs\\\/\"}]}<\/script>\n<!-- \/ Yoast SEO plugin. -->","yoast_head_json":{"title":"Genetica ritmului circadian: Raluca Prodan despre importan\u021ba cronotipului la Longevity Expo Forum Fest - Longevity Clinic","robots":{"index":"index","follow":"follow","max-snippet":"max-snippet:-1","max-image-preview":"max-image-preview:large","max-video-preview":"max-video-preview:-1"},"canonical":"https:\/\/longevityclinic.ro\/en\/genetica-ritmului-circadian-raluca-prodan-despre-importanta-cronotipului-la-longevity-expo-forum-fest\/","og_locale":"en_US","og_type":"article","og_title":"Genetica ritmului circadian: Raluca Prodan despre importan\u021ba cronotipului la Longevity Expo Forum Fest - Longevity Clinic","og_description":"La Longevity Expo Forum Fest, edi\u021bia a III-a, Raluca Prodan, fondatoarea Longevity Clinic, a vorbit despre un subiect tot mai discutat: este legat \u0219i de genetic\u0103 faptul c\u0103 unii dintre noi sunt matinali, iar al\u021bii func\u021bioneaz\u0103 mai bine seara? \u00a0Cronotipul nostru, ritmul \u00een care ne trezim, ne concentr\u0103m \u0219i ne odihnim, are o component\u0103 genetic\u0103 [&hellip;]","og_url":"https:\/\/longevityclinic.ro\/en\/genetica-ritmului-circadian-raluca-prodan-despre-importanta-cronotipului-la-longevity-expo-forum-fest\/","og_site_name":"Longevity Clinic","article_published_time":"2025-01-23T15:12:40+00:00","article_modified_time":"2026-03-06T15:23:11+00:00","og_image":[{"width":800,"height":437,"url":"https:\/\/longevityclinic.ro\/wp-content\/uploads\/2026\/03\/longevityclinic_Longevity-Expo-Forum-Fest_1.webp","type":"image\/webp"}],"author":"admin","twitter_card":"summary_large_image","twitter_misc":{"Written by":"admin","Est. reading time":"1 minute"},"schema":{"@context":"https:\/\/schema.org","@graph":[{"@type":"Article","@id":"https:\/\/longevityclinic.ro\/genetica-ritmului-circadian-raluca-prodan-despre-importanta-cronotipului-la-longevity-expo-forum-fest\/#article","isPartOf":{"@id":"https:\/\/longevityclinic.ro\/genetica-ritmului-circadian-raluca-prodan-despre-importanta-cronotipului-la-longevity-expo-forum-fest\/"},"author":{"name":"admin","@id":"https:\/\/longevityclinic.ro\/#\/schema\/person\/4619393ac535904b903c0faefa9e8afe"},"headline":"Genetica ritmului circadian: Raluca Prodan despre importan\u021ba cronotipului la Longevity Expo Forum Fest","datePublished":"2025-01-23T15:12:40+00:00","dateModified":"2026-03-06T15:23:11+00:00","mainEntityOfPage":{"@id":"https:\/\/longevityclinic.ro\/genetica-ritmului-circadian-raluca-prodan-despre-importanta-cronotipului-la-longevity-expo-forum-fest\/"},"wordCount":102,"commentCount":0,"publisher":{"@id":"https:\/\/longevityclinic.ro\/#organization"},"image":{"@id":"https:\/\/longevityclinic.ro\/genetica-ritmului-circadian-raluca-prodan-despre-importanta-cronotipului-la-longevity-expo-forum-fest\/#primaryimage"},"thumbnailUrl":"https:\/\/longevityclinic.ro\/wp-content\/uploads\/2026\/03\/longevityclinic_Longevity-Expo-Forum-Fest_1.webp","articleSection":["Noutati"],"inLanguage":"en-US","potentialAction":[{"@type":"CommentAction","name":"Comment","target":["https:\/\/longevityclinic.ro\/genetica-ritmului-circadian-raluca-prodan-despre-importanta-cronotipului-la-longevity-expo-forum-fest\/#respond"]}]},{"@type":"WebPage","@id":"https:\/\/longevityclinic.ro\/genetica-ritmului-circadian-raluca-prodan-despre-importanta-cronotipului-la-longevity-expo-forum-fest\/","url":"https:\/\/longevityclinic.ro\/genetica-ritmului-circadian-raluca-prodan-despre-importanta-cronotipului-la-longevity-expo-forum-fest\/","name":"Genetica ritmului circadian: Raluca Prodan despre importan\u021ba cronotipului la Longevity Expo Forum Fest - Longevity Clinic","isPartOf":{"@id":"https:\/\/longevityclinic.ro\/#website"},"primaryImageOfPage":{"@id":"https:\/\/longevityclinic.ro\/genetica-ritmului-circadian-raluca-prodan-despre-importanta-cronotipului-la-longevity-expo-forum-fest\/#primaryimage"},"image":{"@id":"https:\/\/longevityclinic.ro\/genetica-ritmului-circadian-raluca-prodan-despre-importanta-cronotipului-la-longevity-expo-forum-fest\/#primaryimage"},"thumbnailUrl":"https:\/\/longevityclinic.ro\/wp-content\/uploads\/2026\/03\/longevityclinic_Longevity-Expo-Forum-Fest_1.webp","datePublished":"2025-01-23T15:12:40+00:00","dateModified":"2026-03-06T15:23:11+00:00","breadcrumb":{"@id":"https:\/\/longevityclinic.ro\/genetica-ritmului-circadian-raluca-prodan-despre-importanta-cronotipului-la-longevity-expo-forum-fest\/#breadcrumb"},"inLanguage":"en-US","potentialAction":[{"@type":"ReadAction","target":["https:\/\/longevityclinic.ro\/genetica-ritmului-circadian-raluca-prodan-despre-importanta-cronotipului-la-longevity-expo-forum-fest\/"]}]},{"@type":"ImageObject","inLanguage":"en-US","@id":"https:\/\/longevityclinic.ro\/genetica-ritmului-circadian-raluca-prodan-despre-importanta-cronotipului-la-longevity-expo-forum-fest\/#primaryimage","url":"https:\/\/longevityclinic.ro\/wp-content\/uploads\/2026\/03\/longevityclinic_Longevity-Expo-Forum-Fest_1.webp","contentUrl":"https:\/\/longevityclinic.ro\/wp-content\/uploads\/2026\/03\/longevityclinic_Longevity-Expo-Forum-Fest_1.webp","width":800,"height":437},{"@type":"BreadcrumbList","@id":"https:\/\/longevityclinic.ro\/genetica-ritmului-circadian-raluca-prodan-despre-importanta-cronotipului-la-longevity-expo-forum-fest\/#breadcrumb","itemListElement":[{"@type":"ListItem","position":1,"name":"Home","item":"https:\/\/longevityclinic.ro\/"},{"@type":"ListItem","position":2,"name":"Genetica ritmului circadian: Raluca Prodan despre importan\u021ba cronotipului la Longevity Expo Forum Fest"}]},{"@type":"WebSite","@id":"https:\/\/longevityclinic.ro\/#website","url":"https:\/\/longevityclinic.ro\/","name":"Longevity Clinic","description":"Pretuieste sanatatea!","publisher":{"@id":"https:\/\/longevityclinic.ro\/#organization"},"potentialAction":[{"@type":"SearchAction","target":{"@type":"EntryPoint","urlTemplate":"https:\/\/longevityclinic.ro\/?s={search_term_string}"},"query-input":{"@type":"PropertyValueSpecification","valueRequired":true,"valueName":"search_term_string"}}],"inLanguage":"en-US"},{"@type":"Organization","@id":"https:\/\/longevityclinic.ro\/#organization","name":"Longevity Clinic","url":"https:\/\/longevityclinic.ro\/","logo":{"@type":"ImageObject","inLanguage":"en-US","@id":"https:\/\/longevityclinic.ro\/#\/schema\/logo\/image\/","url":"https:\/\/longevityclinic.ro\/wp-content\/uploads\/2024\/10\/LC_logo.png","contentUrl":"https:\/\/longevityclinic.ro\/wp-content\/uploads\/2024\/10\/LC_logo.png","width":216,"height":69,"caption":"Longevity Clinic"},"image":{"@id":"https:\/\/longevityclinic.ro\/#\/schema\/logo\/image\/"}},{"@type":"Person","@id":"https:\/\/longevityclinic.ro\/#\/schema\/person\/4619393ac535904b903c0faefa9e8afe","name":"admin","image":{"@type":"ImageObject","inLanguage":"en-US","@id":"https:\/\/secure.gravatar.com\/avatar\/a6b53e43b56d34688e0f5111efaa436756d1ad35b9232d57b6175e690666fbb3?s=96&d=mm&r=g","url":"https:\/\/secure.gravatar.com\/avatar\/a6b53e43b56d34688e0f5111efaa436756d1ad35b9232d57b6175e690666fbb3?s=96&d=mm&r=g","contentUrl":"https:\/\/secure.gravatar.com\/avatar\/a6b53e43b56d34688e0f5111efaa436756d1ad35b9232d57b6175e690666fbb3?s=96&d=mm&r=g","caption":"admin"},"sameAs":["https:\/\/longevityclinic.ro"],"url":"https:\/\/longevityclinic.ro\/en\/author\/admin_lc_tdy0110sdjfs\/"}]}},"_links":{"self":[{"href":"https:\/\/longevityclinic.ro\/en\/wp-json\/wp\/v2\/posts\/19876","targetHints":{"allow":["GET"]}}],"collection":[{"href":"https:\/\/longevityclinic.ro\/en\/wp-json\/wp\/v2\/posts"}],"about":[{"href":"https:\/\/longevityclinic.ro\/en\/wp-json\/wp\/v2\/types\/post"}],"author":[{"embeddable":true,"href":"https:\/\/longevityclinic.ro\/en\/wp-json\/wp\/v2\/users\/1"}],"replies":[{"embeddable":true,"href":"https:\/\/longevityclinic.ro\/en\/wp-json\/wp\/v2\/comments?post=19876"}],"version-history":[{"count":1,"href":"https:\/\/longevityclinic.ro\/en\/wp-json\/wp\/v2\/posts\/19876\/revisions"}],"predecessor-version":[{"id":19878,"href":"https:\/\/longevityclinic.ro\/en\/wp-json\/wp\/v2\/posts\/19876\/revisions\/19878"}],"wp:featuredmedia":[{"embeddable":true,"href":"https:\/\/longevityclinic.ro\/en\/wp-json\/wp\/v2\/media\/19877"}],"wp:attachment":[{"href":"https:\/\/longevityclinic.ro\/en\/wp-json\/wp\/v2\/media?parent=19876"}],"wp:term":[{"taxonomy":"category","embeddable":true,"href":"https:\/\/longevityclinic.ro\/en\/wp-json\/wp\/v2\/categories?post=19876"},{"taxonomy":"post_tag","embeddable":true,"href":"https:\/\/longevityclinic.ro\/en\/wp-json\/wp\/v2\/tags?post=19876"}],"curies":[{"name":"wp","href":"https:\/\/api.w.org\/{rel}","templated":true}]}}